{"id":31288,"date":"2026-04-13T13:01:02","date_gmt":"2026-04-13T10:01:02","guid":{"rendered":"https:\/\/99ajans.com\/adatek\/?p=31288"},"modified":"2026-04-13T13:01:13","modified_gmt":"2026-04-13T10:01:13","slug":"gelecegin-yildizlari","status":"publish","type":"post","link":"https:\/\/99ajans.com\/adatek\/gelecegin-yildizlari\/","title":{"rendered":"Gelece\u011fin Y\u0131ld\u0131zlar\u0131"},"content":{"rendered":"<h3>Adatek M\u00fchendislik End\u00fcstriyel\u2019den Gelece\u011fin Y\u0131ld\u0131zlar\u0131na\u00a0Destek!<\/h3>\n<div class=\"text\">\n<p>Adatek M\u00fchendislik End\u00fcstriyel olarak, sporun ve gen\u00e7li\u011fin yan\u0131nda durmaya devam ediyoruz! Adana&#8217;da faaliyet g\u00f6steren Galatasaray Futbol Okulu\u2019na resmi forma sponsoru olarak destek vermekten gurur duyuyoruz.<\/p>\n<blockquote><p>5-17 ya\u015f aras\u0131 gen\u00e7 yeteneklerin futbol e\u011fitimine katk\u0131 sa\u011flayan bu \u00f6nemli projede yer almak, hem sosyal sorumluluk bilincimiz hem de gen\u00e7lerin geli\u015fimine verdi\u011fimiz de\u011fer do\u011frultusunda b\u00fcy\u00fck bir ad\u0131md\u0131r. Sporun birle\u015ftirici ve geli\u015ftirici g\u00fcc\u00fcne inan\u0131yor, Adana\u2019daki gen\u00e7 aslanlar\u0131n yan\u0131nda olmaktan mutluluk\u00a0duyuyoruz.<\/p><\/blockquote>\n<p><img fetchpriority=\"high\" decoding=\"async\" class=\"alignnone size-full wp-image-31291\" src=\"https:\/\/99ajans.com\/adatek\/wp-content\/uploads\/2026\/04\/g12.jpg\" alt=\"\" width=\"2000\" height=\"1333\" srcset=\"https:\/\/99ajans.com\/adatek\/wp-content\/uploads\/2026\/04\/g12.jpg 2000w, https:\/\/99ajans.com\/adatek\/wp-content\/uploads\/2026\/04\/g12-300x200.jpg 300w, https:\/\/99ajans.com\/adatek\/wp-content\/uploads\/2026\/04\/g12-1024x682.jpg 1024w, https:\/\/99ajans.com\/adatek\/wp-content\/uploads\/2026\/04\/g12-768x512.jpg 768w, https:\/\/99ajans.com\/adatek\/wp-content\/uploads\/2026\/04\/g12-1536x1024.jpg 1536w\" sizes=\"(max-width: 2000px) 100vw, 2000px\" \/><\/p>\n<\/div>\n","protected":false},"excerpt":{"rendered":"<p>Adatek M\u00fchendislik End\u00fcstriyel\u2019den Gelece\u011fin Y\u0131ld\u0131zlar\u0131na\u00a0Destek! Adatek M\u00fchendislik End\u00fcstriyel olarak, sporun ve gen\u00e7li\u011fin yan\u0131nda durmaya devam ediyoruz! Adana&#8217;da faaliyet g\u00f6steren Galatasaray Futbol Okulu\u2019na resmi forma sponsoru olarak destek vermekten gurur duyuyoruz. 5-17 ya\u015f aras\u0131 gen\u00e7 yeteneklerin futbol e\u011fitimine katk\u0131 sa\u011flayan bu \u00f6nemli projede yer almak, hem sosyal sorumluluk bilincimiz hem de gen\u00e7lerin geli\u015fimine verdi\u011fimiz de\u011fer do\u011frultusunda&#8230;<\/p>\n","protected":false},"author":1,"featured_media":31290,"comment_status":"open","ping_status":"open","sticky":false,"template":"","format":"standard","meta":{"footnotes":""},"categories":[68],"tags":[],"class_list":["post-31288","post","type-post","status-publish","format-standard","has-post-thumbnail","hentry","category-basinda-biz"],"yoast_head":"<!-- This site is optimized with the Yoast SEO plugin v26.6 - https:\/\/yoast.com\/wordpress\/plugins\/seo\/ -->\n<title>Gelece\u011fin Y\u0131ld\u0131zlar\u0131 - Adatek M\u00fchendislik San ve Tic. Ltd. \u015eti<\/title>\n<meta name=\"robots\" content=\"index, follow, max-snippet:-1, max-image-preview:large, max-video-preview:-1\" \/>\n<link rel=\"canonical\" href=\"https:\/\/99ajans.com\/adatek\/gelecegin-yildizlari\/\" \/>\n<meta property=\"og:locale\" content=\"tr_TR\" \/>\n<meta property=\"og:type\" content=\"article\" \/>\n<meta property=\"og:title\" content=\"Gelece\u011fin Y\u0131ld\u0131zlar\u0131 - Adatek M\u00fchendislik San ve Tic. Ltd. \u015eti\" \/>\n<meta property=\"og:description\" content=\"Adatek M\u00fchendislik End\u00fcstriyel\u2019den Gelece\u011fin Y\u0131ld\u0131zlar\u0131na\u00a0Destek! Adatek M\u00fchendislik End\u00fcstriyel olarak, sporun ve gen\u00e7li\u011fin yan\u0131nda durmaya devam ediyoruz! Adana&#8217;da faaliyet g\u00f6steren Galatasaray Futbol Okulu\u2019na resmi forma sponsoru olarak destek vermekten gurur duyuyoruz. 5-17 ya\u015f aras\u0131 gen\u00e7 yeteneklerin futbol e\u011fitimine katk\u0131 sa\u011flayan bu \u00f6nemli projede yer almak, hem sosyal sorumluluk bilincimiz hem de gen\u00e7lerin geli\u015fimine verdi\u011fimiz de\u011fer do\u011frultusunda...\" \/>\n<meta property=\"og:url\" content=\"https:\/\/99ajans.com\/adatek\/gelecegin-yildizlari\/\" \/>\n<meta property=\"og:site_name\" content=\"Adatek M\u00fchendislik San ve Tic. Ltd. \u015eti\" \/>\n<meta property=\"article:published_time\" content=\"2026-04-13T10:01:02+00:00\" \/>\n<meta property=\"article:modified_time\" content=\"2026-04-13T10:01:13+00:00\" \/>\n<meta property=\"og:image\" content=\"https:\/\/99ajans.com\/adatek\/wp-content\/uploads\/2026\/04\/yildiz-destek.jpg\" \/>\n\t<meta property=\"og:image:width\" content=\"889\" \/>\n\t<meta property=\"og:image:height\" content=\"640\" \/>\n\t<meta property=\"og:image:type\" content=\"image\/jpeg\" \/>\n<meta name=\"author\" content=\"adatek\" \/>\n<meta name=\"twitter:card\" content=\"summary_large_image\" \/>\n<meta name=\"twitter:label1\" content=\"Yazan:\" \/>\n\t<meta name=\"twitter:data1\" content=\"adatek\" \/>\n\t<meta name=\"twitter:label2\" content=\"Tahmini okuma s\u00fcresi\" \/>\n\t<meta name=\"twitter:data2\" content=\"1 dakika\" \/>\n<script type=\"application\/ld+json\" class=\"yoast-schema-graph\">{\"@context\":\"https:\/\/schema.org\",\"@graph\":[{\"@type\":\"Article\",\"@id\":\"https:\/\/99ajans.com\/adatek\/gelecegin-yildizlari\/#article\",\"isPartOf\":{\"@id\":\"https:\/\/99ajans.com\/adatek\/gelecegin-yildizlari\/\"},\"author\":{\"name\":\"adatek\",\"@id\":\"https:\/\/99ajans.com\/adatek\/#\/schema\/person\/b31257009eaa6a429a28902bbc240d40\"},\"headline\":\"Gelece\u011fin Y\u0131ld\u0131zlar\u0131\",\"datePublished\":\"2026-04-13T10:01:02+00:00\",\"dateModified\":\"2026-04-13T10:01:13+00:00\",\"mainEntityOfPage\":{\"@id\":\"https:\/\/99ajans.com\/adatek\/gelecegin-yildizlari\/\"},\"wordCount\":111,\"commentCount\":0,\"publisher\":{\"@id\":\"https:\/\/99ajans.com\/adatek\/#organization\"},\"image\":{\"@id\":\"https:\/\/99ajans.com\/adatek\/gelecegin-yildizlari\/#primaryimage\"},\"thumbnailUrl\":\"https:\/\/99ajans.com\/adatek\/wp-content\/uploads\/2026\/04\/yildiz-destek.jpg\",\"articleSection\":[\"Bas\u0131nda Biz\"],\"inLanguage\":\"tr\",\"potentialAction\":[{\"@type\":\"CommentAction\",\"name\":\"Comment\",\"target\":[\"https:\/\/99ajans.com\/adatek\/gelecegin-yildizlari\/#respond\"]}]},{\"@type\":\"WebPage\",\"@id\":\"https:\/\/99ajans.com\/adatek\/gelecegin-yildizlari\/\",\"url\":\"https:\/\/99ajans.com\/adatek\/gelecegin-yildizlari\/\",\"name\":\"Gelece\u011fin Y\u0131ld\u0131zlar\u0131 - Adatek M\u00fchendislik San ve Tic. Ltd. \u015eti\",\"isPartOf\":{\"@id\":\"https:\/\/99ajans.com\/adatek\/#website\"},\"primaryImageOfPage\":{\"@id\":\"https:\/\/99ajans.com\/adatek\/gelecegin-yildizlari\/#primaryimage\"},\"image\":{\"@id\":\"https:\/\/99ajans.com\/adatek\/gelecegin-yildizlari\/#primaryimage\"},\"thumbnailUrl\":\"https:\/\/99ajans.com\/adatek\/wp-content\/uploads\/2026\/04\/yildiz-destek.jpg\",\"datePublished\":\"2026-04-13T10:01:02+00:00\",\"dateModified\":\"2026-04-13T10:01:13+00:00\",\"breadcrumb\":{\"@id\":\"https:\/\/99ajans.com\/adatek\/gelecegin-yildizlari\/#breadcrumb\"},\"inLanguage\":\"tr\",\"potentialAction\":[{\"@type\":\"ReadAction\",\"target\":[\"https:\/\/99ajans.com\/adatek\/gelecegin-yildizlari\/\"]}]},{\"@type\":\"ImageObject\",\"inLanguage\":\"tr\",\"@id\":\"https:\/\/99ajans.com\/adatek\/gelecegin-yildizlari\/#primaryimage\",\"url\":\"https:\/\/99ajans.com\/adatek\/wp-content\/uploads\/2026\/04\/yildiz-destek.jpg\",\"contentUrl\":\"https:\/\/99ajans.com\/adatek\/wp-content\/uploads\/2026\/04\/yildiz-destek.jpg\",\"width\":889,\"height\":640},{\"@type\":\"BreadcrumbList\",\"@id\":\"https:\/\/99ajans.com\/adatek\/gelecegin-yildizlari\/#breadcrumb\",\"itemListElement\":[{\"@type\":\"ListItem\",\"position\":1,\"name\":\"Anasayfa\",\"item\":\"https:\/\/99ajans.com\/adatek\/\"},{\"@type\":\"ListItem\",\"position\":2,\"name\":\"Gelece\u011fin Y\u0131ld\u0131zlar\u0131\"}]},{\"@type\":\"WebSite\",\"@id\":\"https:\/\/99ajans.com\/adatek\/#website\",\"url\":\"https:\/\/99ajans.com\/adatek\/\",\"name\":\"Adatek M\u00fchendislik San ve Tic. Ltd. \u015eti\",\"description\":\"\",\"publisher\":{\"@id\":\"https:\/\/99ajans.com\/adatek\/#organization\"},\"potentialAction\":[{\"@type\":\"SearchAction\",\"target\":{\"@type\":\"EntryPoint\",\"urlTemplate\":\"https:\/\/99ajans.com\/adatek\/?s={search_term_string}\"},\"query-input\":{\"@type\":\"PropertyValueSpecification\",\"valueRequired\":true,\"valueName\":\"search_term_string\"}}],\"inLanguage\":\"tr\"},{\"@type\":\"Organization\",\"@id\":\"https:\/\/99ajans.com\/adatek\/#organization\",\"name\":\"Adatek M\u00fchendislik San ve Tic. Ltd. \u015eti\",\"url\":\"https:\/\/99ajans.com\/adatek\/\",\"logo\":{\"@type\":\"ImageObject\",\"inLanguage\":\"tr\",\"@id\":\"https:\/\/99ajans.com\/adatek\/#\/schema\/logo\/image\/\",\"url\":\"https:\/\/99ajans.com\/adatek\/wp-content\/uploads\/2026\/01\/ADATEK_YENI_LOGO.png\",\"contentUrl\":\"https:\/\/99ajans.com\/adatek\/wp-content\/uploads\/2026\/01\/ADATEK_YENI_LOGO.png\",\"width\":406,\"height\":94,\"caption\":\"Adatek M\u00fchendislik San ve Tic. Ltd. \u015eti\"},\"image\":{\"@id\":\"https:\/\/99ajans.com\/adatek\/#\/schema\/logo\/image\/\"},\"sameAs\":[\"https:\/\/www.instagram.com\/adatekmuhendislik\/\",\"https:\/\/www.linkedin.com\/company\/adatek-mhendislik-endstriyel-san-ve-tic-ltd-ti\/\"]},{\"@type\":\"Person\",\"@id\":\"https:\/\/99ajans.com\/adatek\/#\/schema\/person\/b31257009eaa6a429a28902bbc240d40\",\"name\":\"adatek\",\"image\":{\"@type\":\"ImageObject\",\"inLanguage\":\"tr\",\"@id\":\"https:\/\/99ajans.com\/adatek\/#\/schema\/person\/image\/\",\"url\":\"https:\/\/secure.gravatar.com\/avatar\/64062f52b373ab3ff956fa4c1c53435fbe8bc7c2479030ff55644e732be1ed70?s=96&d=mm&r=g\",\"contentUrl\":\"https:\/\/secure.gravatar.com\/avatar\/64062f52b373ab3ff956fa4c1c53435fbe8bc7c2479030ff55644e732be1ed70?s=96&d=mm&r=g\",\"caption\":\"adatek\"},\"sameAs\":[\"https:\/\/99ajans.com\/adatek\"],\"url\":\"https:\/\/99ajans.com\/adatek\/author\/adatek\/\"}]}<\/script>\n<!-- \/ Yoast SEO plugin. -->","yoast_head_json":{"title":"Gelece\u011fin Y\u0131ld\u0131zlar\u0131 - Adatek M\u00fchendislik San ve Tic. Ltd. \u015eti","robots":{"index":"index","follow":"follow","max-snippet":"max-snippet:-1","max-image-preview":"max-image-preview:large","max-video-preview":"max-video-preview:-1"},"canonical":"https:\/\/99ajans.com\/adatek\/gelecegin-yildizlari\/","og_locale":"tr_TR","og_type":"article","og_title":"Gelece\u011fin Y\u0131ld\u0131zlar\u0131 - Adatek M\u00fchendislik San ve Tic. Ltd. \u015eti","og_description":"Adatek M\u00fchendislik End\u00fcstriyel\u2019den Gelece\u011fin Y\u0131ld\u0131zlar\u0131na\u00a0Destek! Adatek M\u00fchendislik End\u00fcstriyel olarak, sporun ve gen\u00e7li\u011fin yan\u0131nda durmaya devam ediyoruz! Adana&#8217;da faaliyet g\u00f6steren Galatasaray Futbol Okulu\u2019na resmi forma sponsoru olarak destek vermekten gurur duyuyoruz. 5-17 ya\u015f aras\u0131 gen\u00e7 yeteneklerin futbol e\u011fitimine katk\u0131 sa\u011flayan bu \u00f6nemli projede yer almak, hem sosyal sorumluluk bilincimiz hem de gen\u00e7lerin geli\u015fimine verdi\u011fimiz de\u011fer do\u011frultusunda...","og_url":"https:\/\/99ajans.com\/adatek\/gelecegin-yildizlari\/","og_site_name":"Adatek M\u00fchendislik San ve Tic. Ltd. \u015eti","article_published_time":"2026-04-13T10:01:02+00:00","article_modified_time":"2026-04-13T10:01:13+00:00","og_image":[{"width":889,"height":640,"url":"https:\/\/99ajans.com\/adatek\/wp-content\/uploads\/2026\/04\/yildiz-destek.jpg","type":"image\/jpeg"}],"author":"adatek","twitter_card":"summary_large_image","twitter_misc":{"Yazan:":"adatek","Tahmini okuma s\u00fcresi":"1 dakika"},"schema":{"@context":"https:\/\/schema.org","@graph":[{"@type":"Article","@id":"https:\/\/99ajans.com\/adatek\/gelecegin-yildizlari\/#article","isPartOf":{"@id":"https:\/\/99ajans.com\/adatek\/gelecegin-yildizlari\/"},"author":{"name":"adatek","@id":"https:\/\/99ajans.com\/adatek\/#\/schema\/person\/b31257009eaa6a429a28902bbc240d40"},"headline":"Gelece\u011fin Y\u0131ld\u0131zlar\u0131","datePublished":"2026-04-13T10:01:02+00:00","dateModified":"2026-04-13T10:01:13+00:00","mainEntityOfPage":{"@id":"https:\/\/99ajans.com\/adatek\/gelecegin-yildizlari\/"},"wordCount":111,"commentCount":0,"publisher":{"@id":"https:\/\/99ajans.com\/adatek\/#organization"},"image":{"@id":"https:\/\/99ajans.com\/adatek\/gelecegin-yildizlari\/#primaryimage"},"thumbnailUrl":"https:\/\/99ajans.com\/adatek\/wp-content\/uploads\/2026\/04\/yildiz-destek.jpg","articleSection":["Bas\u0131nda Biz"],"inLanguage":"tr","potentialAction":[{"@type":"CommentAction","name":"Comment","target":["https:\/\/99ajans.com\/adatek\/gelecegin-yildizlari\/#respond"]}]},{"@type":"WebPage","@id":"https:\/\/99ajans.com\/adatek\/gelecegin-yildizlari\/","url":"https:\/\/99ajans.com\/adatek\/gelecegin-yildizlari\/","name":"Gelece\u011fin Y\u0131ld\u0131zlar\u0131 - Adatek M\u00fchendislik San ve Tic. Ltd. \u015eti","isPartOf":{"@id":"https:\/\/99ajans.com\/adatek\/#website"},"primaryImageOfPage":{"@id":"https:\/\/99ajans.com\/adatek\/gelecegin-yildizlari\/#primaryimage"},"image":{"@id":"https:\/\/99ajans.com\/adatek\/gelecegin-yildizlari\/#primaryimage"},"thumbnailUrl":"https:\/\/99ajans.com\/adatek\/wp-content\/uploads\/2026\/04\/yildiz-destek.jpg","datePublished":"2026-04-13T10:01:02+00:00","dateModified":"2026-04-13T10:01:13+00:00","breadcrumb":{"@id":"https:\/\/99ajans.com\/adatek\/gelecegin-yildizlari\/#breadcrumb"},"inLanguage":"tr","potentialAction":[{"@type":"ReadAction","target":["https:\/\/99ajans.com\/adatek\/gelecegin-yildizlari\/"]}]},{"@type":"ImageObject","inLanguage":"tr","@id":"https:\/\/99ajans.com\/adatek\/gelecegin-yildizlari\/#primaryimage","url":"https:\/\/99ajans.com\/adatek\/wp-content\/uploads\/2026\/04\/yildiz-destek.jpg","contentUrl":"https:\/\/99ajans.com\/adatek\/wp-content\/uploads\/2026\/04\/yildiz-destek.jpg","width":889,"height":640},{"@type":"BreadcrumbList","@id":"https:\/\/99ajans.com\/adatek\/gelecegin-yildizlari\/#breadcrumb","itemListElement":[{"@type":"ListItem","position":1,"name":"Anasayfa","item":"https:\/\/99ajans.com\/adatek\/"},{"@type":"ListItem","position":2,"name":"Gelece\u011fin Y\u0131ld\u0131zlar\u0131"}]},{"@type":"WebSite","@id":"https:\/\/99ajans.com\/adatek\/#website","url":"https:\/\/99ajans.com\/adatek\/","name":"Adatek M\u00fchendislik San ve Tic. Ltd. \u015eti","description":"","publisher":{"@id":"https:\/\/99ajans.com\/adatek\/#organization"},"potentialAction":[{"@type":"SearchAction","target":{"@type":"EntryPoint","urlTemplate":"https:\/\/99ajans.com\/adatek\/?s={search_term_string}"},"query-input":{"@type":"PropertyValueSpecification","valueRequired":true,"valueName":"search_term_string"}}],"inLanguage":"tr"},{"@type":"Organization","@id":"https:\/\/99ajans.com\/adatek\/#organization","name":"Adatek M\u00fchendislik San ve Tic. Ltd. \u015eti","url":"https:\/\/99ajans.com\/adatek\/","logo":{"@type":"ImageObject","inLanguage":"tr","@id":"https:\/\/99ajans.com\/adatek\/#\/schema\/logo\/image\/","url":"https:\/\/99ajans.com\/adatek\/wp-content\/uploads\/2026\/01\/ADATEK_YENI_LOGO.png","contentUrl":"https:\/\/99ajans.com\/adatek\/wp-content\/uploads\/2026\/01\/ADATEK_YENI_LOGO.png","width":406,"height":94,"caption":"Adatek M\u00fchendislik San ve Tic. Ltd. \u015eti"},"image":{"@id":"https:\/\/99ajans.com\/adatek\/#\/schema\/logo\/image\/"},"sameAs":["https:\/\/www.instagram.com\/adatekmuhendislik\/","https:\/\/www.linkedin.com\/company\/adatek-mhendislik-endstriyel-san-ve-tic-ltd-ti\/"]},{"@type":"Person","@id":"https:\/\/99ajans.com\/adatek\/#\/schema\/person\/b31257009eaa6a429a28902bbc240d40","name":"adatek","image":{"@type":"ImageObject","inLanguage":"tr","@id":"https:\/\/99ajans.com\/adatek\/#\/schema\/person\/image\/","url":"https:\/\/secure.gravatar.com\/avatar\/64062f52b373ab3ff956fa4c1c53435fbe8bc7c2479030ff55644e732be1ed70?s=96&d=mm&r=g","contentUrl":"https:\/\/secure.gravatar.com\/avatar\/64062f52b373ab3ff956fa4c1c53435fbe8bc7c2479030ff55644e732be1ed70?s=96&d=mm&r=g","caption":"adatek"},"sameAs":["https:\/\/99ajans.com\/adatek"],"url":"https:\/\/99ajans.com\/adatek\/author\/adatek\/"}]}},"_links":{"self":[{"href":"https:\/\/99ajans.com\/adatek\/wp-json\/wp\/v2\/posts\/31288","targetHints":{"allow":["GET"]}}],"collection":[{"href":"https:\/\/99ajans.com\/adatek\/wp-json\/wp\/v2\/posts"}],"about":[{"href":"https:\/\/99ajans.com\/adatek\/wp-json\/wp\/v2\/types\/post"}],"author":[{"embeddable":true,"href":"https:\/\/99ajans.com\/adatek\/wp-json\/wp\/v2\/users\/1"}],"replies":[{"embeddable":true,"href":"https:\/\/99ajans.com\/adatek\/wp-json\/wp\/v2\/comments?post=31288"}],"version-history":[{"count":2,"href":"https:\/\/99ajans.com\/adatek\/wp-json\/wp\/v2\/posts\/31288\/revisions"}],"predecessor-version":[{"id":31293,"href":"https:\/\/99ajans.com\/adatek\/wp-json\/wp\/v2\/posts\/31288\/revisions\/31293"}],"wp:featuredmedia":[{"embeddable":true,"href":"https:\/\/99ajans.com\/adatek\/wp-json\/wp\/v2\/media\/31290"}],"wp:attachment":[{"href":"https:\/\/99ajans.com\/adatek\/wp-json\/wp\/v2\/media?parent=31288"}],"wp:term":[{"taxonomy":"category","embeddable":true,"href":"https:\/\/99ajans.com\/adatek\/wp-json\/wp\/v2\/categories?post=31288"},{"taxonomy":"post_tag","embeddable":true,"href":"https:\/\/99ajans.com\/adatek\/wp-json\/wp\/v2\/tags?post=31288"}],"curies":[{"name":"wp","href":"https:\/\/api.w.org\/{rel}","templated":true}]}}